{"id":632,"date":"2024-06-11T12:21:21","date_gmt":"2024-06-11T10:21:21","guid":{"rendered":"https:\/\/www.chiesadigenova.it\/ecumenismo\/?p=632"},"modified":"2024-06-11T12:21:40","modified_gmt":"2024-06-11T10:21:40","slug":"svolo-lincontro-dei-delegati-per-lecumenismo-e-il-dialogo-interreligioso-sulla-formazione-e-sullorganizzazione-del-prossimo-anno-pastorale","status":"publish","type":"post","link":"https:\/\/www.chiesadigenova.it\/ecumenismo\/svolo-lincontro-dei-delegati-per-lecumenismo-e-il-dialogo-interreligioso-sulla-formazione-e-sullorganizzazione-del-prossimo-anno-pastorale\/","title":{"rendered":"Svolto l&#8217;incontro dei delegati per l\u2019Ecumenismo e il Dialogo Interreligioso sulla formazione e sull\u2019organizzazione del prossimo anno pastorale"},"content":{"rendered":"<p>Si \u00e8 svolto luned\u00ec 10 giugno presso il Santuario di Ges\u00f9 Bambino di Praga ad Arenzano, l\u2019incontro dei delegati per l\u2019Ecumenismo e il Dialogo Interreligioso delle Diocesi liguri e di Tortona. La giornata \u00e8 stata dedicata alla formazione e all\u2019organizzazione del prossimo anno pastorale.<\/p>\n<p>\u00c8 stato presente Ricardo Burigana, docente in campo ecumenico e direttore del Centro studi per l\u2019ecumenismo in Italia. Il professore ha presentato l\u2019impegno in campo ecumenico e interreligioso di papa Francesco e la situazione attuale in Italia con le sue sfide.<\/p>\n<p style=\"text-align: right;\"><strong>don Gabriele Bernagozzi<\/strong><\/p>\n<p style=\"text-align: right;\"><em>Delegato Diocesi di Genova per l\u2019Ecumenismo e Dialogo Interreligioso<\/em><\/p>\n","protected":false},"excerpt":{"rendered":"<p>Si \u00e8 svolto luned\u00ec 10 giugno presso il Santuario di Ges\u00f9 Bambino di Praga ad Arenzano, l\u2019incontro dei delegati per l\u2019Ecumenismo e il Dialogo Interreligioso delle Diocesi liguri e di Tortona. La giornata \u00e8 stata dedicata alla formazione e all\u2019organizzazione del prossimo anno pastorale. \u00c8 stato presente Ricardo Burigana, docente in campo ecumenico e direttore [&hellip;]<\/p>\n","protected":false},"author":3,"featured_media":633,"comment_status":"closed","ping_status":"closed","sticky":false,"template":"","format":"standard","meta":{"_acf_changed":false,"footnotes":""},"categories":[3],"tags":[],"class_list":["post-632","post","type-post","status-publish","format-standard","has-post-thumbnail","hentry","category-notizie"],"acf":[],"_links":{"self":[{"href":"https:\/\/www.chiesadigenova.it\/ecumenismo\/wp-json\/wp\/v2\/posts\/632","targetHints":{"allow":["GET"]}}],"collection":[{"href":"https:\/\/www.chiesadigenova.it\/ecumenismo\/wp-json\/wp\/v2\/posts"}],"about":[{"href":"https:\/\/www.chiesadigenova.it\/ecumenismo\/wp-json\/wp\/v2\/types\/post"}],"author":[{"embeddable":true,"href":"https:\/\/www.chiesadigenova.it\/ecumenismo\/wp-json\/wp\/v2\/users\/3"}],"replies":[{"embeddable":true,"href":"https:\/\/www.chiesadigenova.it\/ecumenismo\/wp-json\/wp\/v2\/comments?post=632"}],"version-history":[{"count":2,"href":"https:\/\/www.chiesadigenova.it\/ecumenismo\/wp-json\/wp\/v2\/posts\/632\/revisions"}],"predecessor-version":[{"id":635,"href":"https:\/\/www.chiesadigenova.it\/ecumenismo\/wp-json\/wp\/v2\/posts\/632\/revisions\/635"}],"wp:featuredmedia":[{"embeddable":true,"href":"https:\/\/www.chiesadigenova.it\/ecumenismo\/wp-json\/wp\/v2\/media\/633"}],"wp:attachment":[{"href":"https:\/\/www.chiesadigenova.it\/ecumenismo\/wp-json\/wp\/v2\/media?parent=632"}],"wp:term":[{"taxonomy":"category","embeddable":true,"href":"https:\/\/www.chiesadigenova.it\/ecumenismo\/wp-json\/wp\/v2\/categories?post=632"},{"taxonomy":"post_tag","embeddable":true,"href":"https:\/\/www.chiesadigenova.it\/ecumenismo\/wp-json\/wp\/v2\/tags?post=632"}],"curies":[{"name":"wp","href":"https:\/\/api.w.org\/{rel}","templated":true}]}}