{"id":620,"date":"2024-04-26T11:27:35","date_gmt":"2024-04-26T09:27:35","guid":{"rendered":"https:\/\/www.chiesadigenova.it\/ecumenismo\/?p=620"},"modified":"2024-04-26T11:27:35","modified_gmt":"2024-04-26T09:27:35","slug":"dal-22-al-24-aprile-2024-al-monastero-di-camaldoli-svolto-lincontro-dei-delegati-degli-uffici-diocesani-per-lecumenismo-e-il-dialogo-interreligioso-di-prima-nomina","status":"publish","type":"post","link":"https:\/\/www.chiesadigenova.it\/ecumenismo\/dal-22-al-24-aprile-2024-al-monastero-di-camaldoli-svolto-lincontro-dei-delegati-degli-uffici-diocesani-per-lecumenismo-e-il-dialogo-interreligioso-di-prima-nomina\/","title":{"rendered":"Dal 22 al 24 aprile 2024 al Monastero di Camaldoli svolto l&#8217;incontro dei delegati degli Uffici diocesani per l&#8217;Ecumenismo e il Dialogo Interreligioso di prima nomina"},"content":{"rendered":"<div>I delegati degli Uffici diocesani per l&#8217;Ecumenismo e il Dialogo Interreligioso di prima nomina si sono incontrati dal 22 al 24 aprile presso il Monastero di Camaldoli. Nei tre giorni &#8211; guidati dal Direttore UNEDI Don Giuliano Savina &#8211; si sono analizzati le problematicit\u00e0 e le prospettive che riguardano le dinamiche pastorali ed ecclesiali che coinvolgono da vicino l&#8217;Ecumenismo, il Dialogo Interreligioso e la figura del delegato. Il clima che si \u00e8 instaurato tra i partecipanti \u00e8 stato sin da subito caratterizzato dalla volont\u00e0 di condividere e imparare. Questo ha fatto s\u00ec che il tempo trascorso insieme sia stato fruttuoso.<\/div>\n<div><\/div>\n<div>Ci sono stati due elementi, tra gli altri, che vanno evidenziati e che hanno reso possibile la buona riuscita: innanzitutto il clima alimentato dai monaci camaldolesi; la partecipazione ai ritmi di preghiera e alla celebrazione eucaristica della comunit\u00e0 ha fatto la differenza. Secondariamente, nel rivedere i requisiti del delegato diocesano ci si \u00e8 soffermati sulla sua vita spirituale indicandola come la parte che ha il primato. Non \u00e8 scontato in un tempo che predilige &#8211; contrapponendoli &#8211; il fare all&#8217;essere.<\/div>\n<div><\/div>\n<div>Le giornate hanno rigenerato i delegati rilanciando il loro impegno.<\/div>\n<div>Un ringraziamento va al Direttore UNEDI\u00a0 e a tutto l&#8217;Ufficio nazionale per l&#8217;opportunit\u00e0 data.<\/div>\n<div><\/div>\n<div style=\"text-align: right;\"><strong>don Gabriele Bernagozzi<\/strong><\/div>\n<div style=\"text-align: right;\"><em>Delegato Diocesi di Genova per l&#8217;Ecumenismo e Dialogo Interreligioso<\/em><\/div>\n","protected":false},"excerpt":{"rendered":"<p>I delegati degli Uffici diocesani per l&#8217;Ecumenismo e il Dialogo Interreligioso di prima nomina si sono incontrati dal 22 al 24 aprile presso il Monastero di Camaldoli. Nei tre giorni &#8211; guidati dal Direttore UNEDI Don Giuliano Savina &#8211; si sono analizzati le problematicit\u00e0 e le prospettive che riguardano le dinamiche pastorali ed ecclesiali che [&hellip;]<\/p>\n","protected":false},"author":3,"featured_media":621,"comment_status":"closed","ping_status":"closed","sticky":false,"template":"","format":"standard","meta":{"_acf_changed":false,"footnotes":""},"categories":[3],"tags":[],"class_list":["post-620","post","type-post","status-publish","format-standard","has-post-thumbnail","hentry","category-notizie"],"acf":[],"_links":{"self":[{"href":"https:\/\/www.chiesadigenova.it\/ecumenismo\/wp-json\/wp\/v2\/posts\/620","targetHints":{"allow":["GET"]}}],"collection":[{"href":"https:\/\/www.chiesadigenova.it\/ecumenismo\/wp-json\/wp\/v2\/posts"}],"about":[{"href":"https:\/\/www.chiesadigenova.it\/ecumenismo\/wp-json\/wp\/v2\/types\/post"}],"author":[{"embeddable":true,"href":"https:\/\/www.chiesadigenova.it\/ecumenismo\/wp-json\/wp\/v2\/users\/3"}],"replies":[{"embeddable":true,"href":"https:\/\/www.chiesadigenova.it\/ecumenismo\/wp-json\/wp\/v2\/comments?post=620"}],"version-history":[{"count":1,"href":"https:\/\/www.chiesadigenova.it\/ecumenismo\/wp-json\/wp\/v2\/posts\/620\/revisions"}],"predecessor-version":[{"id":622,"href":"https:\/\/www.chiesadigenova.it\/ecumenismo\/wp-json\/wp\/v2\/posts\/620\/revisions\/622"}],"wp:featuredmedia":[{"embeddable":true,"href":"https:\/\/www.chiesadigenova.it\/ecumenismo\/wp-json\/wp\/v2\/media\/621"}],"wp:attachment":[{"href":"https:\/\/www.chiesadigenova.it\/ecumenismo\/wp-json\/wp\/v2\/media?parent=620"}],"wp:term":[{"taxonomy":"category","embeddable":true,"href":"https:\/\/www.chiesadigenova.it\/ecumenismo\/wp-json\/wp\/v2\/categories?post=620"},{"taxonomy":"post_tag","embeddable":true,"href":"https:\/\/www.chiesadigenova.it\/ecumenismo\/wp-json\/wp\/v2\/tags?post=620"}],"curies":[{"name":"wp","href":"https:\/\/api.w.org\/{rel}","templated":true}]}}