{"id":538,"date":"2024-01-18T09:06:00","date_gmt":"2024-01-18T08:06:00","guid":{"rendered":"https:\/\/www.chiesadigenova.it\/ecumenismo\/?p=538"},"modified":"2024-01-27T13:51:48","modified_gmt":"2024-01-27T12:51:48","slug":"svolta-mercoledi-17-gennaio-alla-sala-quadrivium-lannuale-giornata-del-dialogo-ebraico-cristiano","status":"publish","type":"post","link":"https:\/\/www.chiesadigenova.it\/ecumenismo\/svolta-mercoledi-17-gennaio-alla-sala-quadrivium-lannuale-giornata-del-dialogo-ebraico-cristiano\/","title":{"rendered":"Svolta mercoled\u00ec 17 gennaio alla sala Quadrivium l\u2019annuale giornata del dialogo Ebraico-Cristiano &#8211; IL VIDEO"},"content":{"rendered":"<p>Non sappiamo che cosa fare; perci\u00f2 i nostri occhi sono rivolti a Te\u201d (2Cro 20, 12)<\/p>\n<p>Si \u00e8 svolta mercoled\u00ec 17 gennaio alla sala Quadrivium l\u2019annuale giornata del dialogo Ebraico-Cristiano. Dopo un\u2019introduzione del Vicario episcopale Don Gianfranco Calabrese sono intervenuti, moderati da Pierangela Calzia, il Rabbino Capo di Genova Giuseppe Momigliano e il vicepresidente dell\u2019Associazione italiana Amici di Neve Shalom Wahat al-Salam Pietro Mariani Cerati.<\/p>\n<p>Il tema della giornata \u00e8 stato tratto dal capitolo 37 del Libro di Ezechiele, ma dopo il riacutizzarsi della situazione a Gaza la Conferenza Episcopale Italiana ha chiesto di poterlo declinare secondo: \u201cLa speranza contro ogni antisemitismo\u201d.<\/p>\n<p>Proprio il tema della speranza \u00e8 stato centrale durante i due interventi. Da una parte il Rabbino, riprendendo il testo biblico di riferimento, ha sottolineato che \u00e8 quando si trova davanti al proprio limite che l\u2019uomo diventa capace di affidarsi pienamente a Dio. In questo momento la guerra si pone come un limite che sembra invalicabile. Ma, nel riconoscimento del proprio peccato e nella disponibilit\u00e0 al pentimento sgorga la speranza.<\/p>\n<p>La speranza, quindi, nasce dal pentimento e porta all\u2019avvicinamento a Dio e di conseguenza ai fratelli. Questa speranza \u00e8 tangibile, sperimentabile, nel villaggio di Neve Shalom. A testimoniarlo \u00e8 Pietro Mariani Cerati. Il fondatore di Neve Shalom \u00e8 stato un frate domenicano Bruno Hussar. La sua idea \u00e8 stata quella di creare un luogo, nella terra di Israele, dove si potesse testimoniare fattivamente la possibilit\u00e0 della convivenza comune e pacifica. Oggi ad attestarlo ci sono 80 famiglie, 200 persone, ebrei, palestinesi e cristiani che vivono in pace. La speranza non \u00e8 un sogno, \u00e8 possibile, con l\u2019aiuto di Dio.<\/p>\n<p style=\"text-align: right;\"><strong>don Gabriele Bernagozzi\u00a0<\/strong><\/p>\n<p style=\"text-align: right;\"><em>Delegato Diocesi di Genova per l\u2019Ecumenismo e Dialogo Interreligioso<\/em><\/p>\n<p><strong>IL VIDEO<\/strong><\/p>\n<p><iframe loading=\"lazy\" title=\"Incontro in occasione della giornata del dialogo Ebraico - Cristiano\" width=\"500\" height=\"281\" src=\"https:\/\/www.youtube.com\/embed\/ko9hF4fU-I0?feature=oembed\" frameborder=\"0\" allow=\"accelerometer; autoplay; clipboard-write; encrypted-media; gyroscope; picture-in-picture; web-share\" referrerpolicy=\"strict-origin-when-cross-origin\" allowfullscreen><\/iframe><\/p>\n","protected":false},"excerpt":{"rendered":"<p>Non sappiamo che cosa fare; perci\u00f2 i nostri occhi sono rivolti a Te\u201d (2Cro 20, 12) Si \u00e8 svolta mercoled\u00ec 17 gennaio alla sala Quadrivium l\u2019annuale giornata del dialogo Ebraico-Cristiano. Dopo un\u2019introduzione del Vicario episcopale Don Gianfranco Calabrese sono intervenuti, moderati da Pierangela Calzia, il Rabbino Capo di Genova Giuseppe Momigliano e il vicepresidente dell\u2019Associazione [&hellip;]<\/p>\n","protected":false},"author":3,"featured_media":567,"comment_status":"closed","ping_status":"closed","sticky":false,"template":"","format":"standard","meta":{"_acf_changed":false,"footnotes":""},"categories":[3],"tags":[],"class_list":["post-538","post","type-post","status-publish","format-standard","has-post-thumbnail","hentry","category-notizie"],"acf":[],"_links":{"self":[{"href":"https:\/\/www.chiesadigenova.it\/ecumenismo\/wp-json\/wp\/v2\/posts\/538","targetHints":{"allow":["GET"]}}],"collection":[{"href":"https:\/\/www.chiesadigenova.it\/ecumenismo\/wp-json\/wp\/v2\/posts"}],"about":[{"href":"https:\/\/www.chiesadigenova.it\/ecumenismo\/wp-json\/wp\/v2\/types\/post"}],"author":[{"embeddable":true,"href":"https:\/\/www.chiesadigenova.it\/ecumenismo\/wp-json\/wp\/v2\/users\/3"}],"replies":[{"embeddable":true,"href":"https:\/\/www.chiesadigenova.it\/ecumenismo\/wp-json\/wp\/v2\/comments?post=538"}],"version-history":[{"count":4,"href":"https:\/\/www.chiesadigenova.it\/ecumenismo\/wp-json\/wp\/v2\/posts\/538\/revisions"}],"predecessor-version":[{"id":574,"href":"https:\/\/www.chiesadigenova.it\/ecumenismo\/wp-json\/wp\/v2\/posts\/538\/revisions\/574"}],"wp:featuredmedia":[{"embeddable":true,"href":"https:\/\/www.chiesadigenova.it\/ecumenismo\/wp-json\/wp\/v2\/media\/567"}],"wp:attachment":[{"href":"https:\/\/www.chiesadigenova.it\/ecumenismo\/wp-json\/wp\/v2\/media?parent=538"}],"wp:term":[{"taxonomy":"category","embeddable":true,"href":"https:\/\/www.chiesadigenova.it\/ecumenismo\/wp-json\/wp\/v2\/categories?post=538"},{"taxonomy":"post_tag","embeddable":true,"href":"https:\/\/www.chiesadigenova.it\/ecumenismo\/wp-json\/wp\/v2\/tags?post=538"}],"curies":[{"name":"wp","href":"https:\/\/api.w.org\/{rel}","templated":true}]}}