{"id":533,"date":"2024-01-18T10:26:49","date_gmt":"2024-01-18T09:26:49","guid":{"rendered":"https:\/\/www.chiesadigenova.it\/ecumenismo\/?p=533"},"modified":"2024-01-18T10:26:49","modified_gmt":"2024-01-18T09:26:49","slug":"settimana-unita-dei-cristiani-venerdi-19-gennaio-la-veglia-di-preghiera-in-cattedrale-il-libretto","status":"publish","type":"post","link":"https:\/\/www.chiesadigenova.it\/ecumenismo\/settimana-unita-dei-cristiani-venerdi-19-gennaio-la-veglia-di-preghiera-in-cattedrale-il-libretto\/","title":{"rendered":"Settimana Unit\u00e0 dei Cristiani: venerd\u00ec 19 gennaio la Veglia di preghiera in Cattedrale &#8211; IL LIBRETTO"},"content":{"rendered":"<p>Nell&#8217;ambito della Settimana di preghiera per l&#8217;unit\u00e0 dei cristiani<strong>, venerd\u00ec 19 gennaio alle ore 18.30 in Cattedrale <\/strong>si svolger\u00e0 la\u00a0<strong>Veglia ecumenica di preghiera<\/strong>\u00a0a cui parteciperanno, insieme all\u2019Arcivescovo Mons. Marco Tasca, i rappresentanti delle professioni di fede cristiana presenti nella nostra citt\u00e0. La Veglia, come tutta la settimana, sar\u00e0 incentrata sul tema tratto dalla parabola detta del \u201cbuon samaritano\u201d: \u201cAma il Signore Dio tuo e ama il prossimo tuo come te stesso\u201d. La preghiera sar\u00e0 arricchita dalla spiegazione di un\u2019Icona rappresentante il brano di Luca 10, 25-37 e la testimonianza del servizio svolto nelle carceri dall\u2019Associazione \u201cGli amici di Zaccheo\u201d.<\/p>\n<p><img loading=\"lazy\" decoding=\"async\" class=\" wp-image-535 aligncenter\" src=\"https:\/\/www.chiesadigenova.it\/ecumenismo\/wp-content\/uploads\/sites\/30\/2024\/01\/19gen_Settimana-Unita-Cristiani-212x300.jpg\" alt=\"\" width=\"331\" height=\"468\" srcset=\"https:\/\/www.chiesadigenova.it\/ecumenismo\/wp-content\/uploads\/sites\/30\/2024\/01\/19gen_Settimana-Unita-Cristiani-212x300.jpg 212w, https:\/\/www.chiesadigenova.it\/ecumenismo\/wp-content\/uploads\/sites\/30\/2024\/01\/19gen_Settimana-Unita-Cristiani-724x1024.jpg 724w, https:\/\/www.chiesadigenova.it\/ecumenismo\/wp-content\/uploads\/sites\/30\/2024\/01\/19gen_Settimana-Unita-Cristiani-768x1086.jpg 768w, https:\/\/www.chiesadigenova.it\/ecumenismo\/wp-content\/uploads\/sites\/30\/2024\/01\/19gen_Settimana-Unita-Cristiani-1086x1536.jpg 1086w, https:\/\/www.chiesadigenova.it\/ecumenismo\/wp-content\/uploads\/sites\/30\/2024\/01\/19gen_Settimana-Unita-Cristiani-1448x2048.jpg 1448w, https:\/\/www.chiesadigenova.it\/ecumenismo\/wp-content\/uploads\/sites\/30\/2024\/01\/19gen_Settimana-Unita-Cristiani-600x849.jpg 600w, https:\/\/www.chiesadigenova.it\/ecumenismo\/wp-content\/uploads\/sites\/30\/2024\/01\/19gen_Settimana-Unita-Cristiani-1200x1698.jpg 1200w, https:\/\/www.chiesadigenova.it\/ecumenismo\/wp-content\/uploads\/sites\/30\/2024\/01\/19gen_Settimana-Unita-Cristiani-800x1132.jpg 800w, https:\/\/www.chiesadigenova.it\/ecumenismo\/wp-content\/uploads\/sites\/30\/2024\/01\/19gen_Settimana-Unita-Cristiani.jpg 1587w\" sizes=\"auto, (max-width: 331px) 100vw, 331px\" \/><\/p>\n<p>&nbsp;<\/p>\n<p><strong>IN ALLEGATO IL LIBRETTO DELLA PREGHIERA\u00a0<\/strong><\/p>\n<p>&nbsp;<\/p>\n","protected":false},"excerpt":{"rendered":"<p>Nell&#8217;ambito della Settimana di preghiera per l&#8217;unit\u00e0 dei cristiani, venerd\u00ec 19 gennaio alle ore 18.30 in Cattedrale si svolger\u00e0 la\u00a0Veglia ecumenica di preghiera\u00a0a cui parteciperanno, insieme all\u2019Arcivescovo Mons. Marco Tasca, i rappresentanti delle professioni di fede cristiana presenti nella nostra citt\u00e0. La Veglia, come tutta la settimana, sar\u00e0 incentrata sul tema tratto dalla parabola detta [&hellip;]<\/p>\n","protected":false},"author":3,"featured_media":536,"comment_status":"closed","ping_status":"closed","sticky":false,"template":"","format":"standard","meta":{"_acf_changed":false,"footnotes":""},"categories":[3],"tags":[],"class_list":["post-533","post","type-post","status-publish","format-standard","has-post-thumbnail","hentry","category-notizie"],"acf":[],"_links":{"self":[{"href":"https:\/\/www.chiesadigenova.it\/ecumenismo\/wp-json\/wp\/v2\/posts\/533","targetHints":{"allow":["GET"]}}],"collection":[{"href":"https:\/\/www.chiesadigenova.it\/ecumenismo\/wp-json\/wp\/v2\/posts"}],"about":[{"href":"https:\/\/www.chiesadigenova.it\/ecumenismo\/wp-json\/wp\/v2\/types\/post"}],"author":[{"embeddable":true,"href":"https:\/\/www.chiesadigenova.it\/ecumenismo\/wp-json\/wp\/v2\/users\/3"}],"replies":[{"embeddable":true,"href":"https:\/\/www.chiesadigenova.it\/ecumenismo\/wp-json\/wp\/v2\/comments?post=533"}],"version-history":[{"count":1,"href":"https:\/\/www.chiesadigenova.it\/ecumenismo\/wp-json\/wp\/v2\/posts\/533\/revisions"}],"predecessor-version":[{"id":537,"href":"https:\/\/www.chiesadigenova.it\/ecumenismo\/wp-json\/wp\/v2\/posts\/533\/revisions\/537"}],"wp:featuredmedia":[{"embeddable":true,"href":"https:\/\/www.chiesadigenova.it\/ecumenismo\/wp-json\/wp\/v2\/media\/536"}],"wp:attachment":[{"href":"https:\/\/www.chiesadigenova.it\/ecumenismo\/wp-json\/wp\/v2\/media?parent=533"}],"wp:term":[{"taxonomy":"category","embeddable":true,"href":"https:\/\/www.chiesadigenova.it\/ecumenismo\/wp-json\/wp\/v2\/categories?post=533"},{"taxonomy":"post_tag","embeddable":true,"href":"https:\/\/www.chiesadigenova.it\/ecumenismo\/wp-json\/wp\/v2\/tags?post=533"}],"curies":[{"name":"wp","href":"https:\/\/api.w.org\/{rel}","templated":true}]}}