{"id":513,"date":"2023-12-11T16:51:50","date_gmt":"2023-12-11T15:51:50","guid":{"rendered":"https:\/\/www.chiesadigenova.it\/ecumenismo\/?p=513"},"modified":"2023-12-11T16:52:18","modified_gmt":"2023-12-11T15:52:18","slug":"domenica-10-dicembre-a-palazzo-ducale-consegnato-il-premio-internazionale-primo-levi-a-maria-agnese-moro","status":"publish","type":"post","link":"https:\/\/www.chiesadigenova.it\/ecumenismo\/domenica-10-dicembre-a-palazzo-ducale-consegnato-il-premio-internazionale-primo-levi-a-maria-agnese-moro\/","title":{"rendered":"Domenica 10 dicembre 2023 a Palazzo Ducale consegnato il Premio Internazionale Primo Levi a Maria Agnese Moro"},"content":{"rendered":"<p>Alla presenza del Sindaco di Genova Marco Bucci e del Presidente del Centro Culturale Primo Levi Alberto Rizzerio, <strong>nella cornice della Sala del Maggior Consiglio di Palazzo Ducale, domenica 10 dicembre \u00e8 avvenuta la consegna del Premio Internazionale Primo Levi a Maria Agnese Moro<\/strong> per il suo impegno nell&#8217;ambito della giustizia riparativa. Sono intervenuti nella cerimonia Davide Assael presidente dall&#8217;associazione Lech Lech\u00e0 e Claudia Mazzucato docente dell&#8217;Universit\u00e0 Cattolica del Sacro Cuore.<\/p>\n<p>Di cosa si interessa la giustizia riparativa? &#8220;La giustizia riparativa si occupa dell\u2019irreparabile&#8221;. Questa \u00e8 la definizione che Agnese Moro ha dato della giustizia riparativa o rigenerativa che ha lo scopo di affrontare il trauma per ricomporre l\u2019armonia, rielaborare il reato per cercare il giusto, ponendosi le domande che la giustizia penale non pu\u00f2 e non vuole affrontare. In altre parole la giustizia riparativa, che non intende prendere il posto di quella penale, avvicina chi ha commesso un reato con chi l&#8217;ha subito aprendo percorsi di ricomposizione che aiutano il reo a rendersi conto di ci\u00f2 che ha commesso e la vittima a non scivolare nel pericoloso vortice dell&#8217;odio. Per riassumere si potrebbe utilizzare il lemma ebraico &#8220;teshuvah&#8221; tradotto con &#8220;pentimento&#8221; anche se il suo significato \u00e8 molto pi\u00f9 profondo perch\u00e9 indica un cammino di avvicinamento dove le due parti riconoscono che il dolore ha toccato entrambe. Il tema della giustizia riparativa non dovrebbe lasciare indifferente il cammino ecumenico perch\u00e9 suggerisce una strada di ricomposizione nella verit\u00e0, indicando nella parresia un valido strumento di reciproca conoscenza dove, oltre a custodire ci\u00f2 che unisce, si affronta anche ci\u00f2 che ancora separa. Anche il dialogo interreligioso pu\u00f2 desumere dal metodo della giustizia rigenerativa linee guida per continuare un cammino franco ed efficace.<\/p>\n<p style=\"text-align: right;\"><strong>don Gabriele Bernagozzi<\/strong><\/p>\n<p style=\"text-align: right;\"><em>Delegato Diocesi di Genova per l&#8217;Ecumenismo e Dialogo Interreligioso<\/em><\/p>\n","protected":false},"excerpt":{"rendered":"<p>Alla presenza del Sindaco di Genova Marco Bucci e del Presidente del Centro Culturale Primo Levi Alberto Rizzerio, nella cornice della Sala del Maggior Consiglio di Palazzo Ducale, domenica 10 dicembre \u00e8 avvenuta la consegna del Premio Internazionale Primo Levi a Maria Agnese Moro per il suo impegno nell&#8217;ambito della giustizia riparativa. Sono intervenuti nella [&hellip;]<\/p>\n","protected":false},"author":3,"featured_media":514,"comment_status":"closed","ping_status":"closed","sticky":false,"template":"","format":"standard","meta":{"_acf_changed":false,"footnotes":""},"categories":[3],"tags":[],"class_list":["post-513","post","type-post","status-publish","format-standard","has-post-thumbnail","hentry","category-notizie"],"acf":[],"_links":{"self":[{"href":"https:\/\/www.chiesadigenova.it\/ecumenismo\/wp-json\/wp\/v2\/posts\/513","targetHints":{"allow":["GET"]}}],"collection":[{"href":"https:\/\/www.chiesadigenova.it\/ecumenismo\/wp-json\/wp\/v2\/posts"}],"about":[{"href":"https:\/\/www.chiesadigenova.it\/ecumenismo\/wp-json\/wp\/v2\/types\/post"}],"author":[{"embeddable":true,"href":"https:\/\/www.chiesadigenova.it\/ecumenismo\/wp-json\/wp\/v2\/users\/3"}],"replies":[{"embeddable":true,"href":"https:\/\/www.chiesadigenova.it\/ecumenismo\/wp-json\/wp\/v2\/comments?post=513"}],"version-history":[{"count":2,"href":"https:\/\/www.chiesadigenova.it\/ecumenismo\/wp-json\/wp\/v2\/posts\/513\/revisions"}],"predecessor-version":[{"id":516,"href":"https:\/\/www.chiesadigenova.it\/ecumenismo\/wp-json\/wp\/v2\/posts\/513\/revisions\/516"}],"wp:featuredmedia":[{"embeddable":true,"href":"https:\/\/www.chiesadigenova.it\/ecumenismo\/wp-json\/wp\/v2\/media\/514"}],"wp:attachment":[{"href":"https:\/\/www.chiesadigenova.it\/ecumenismo\/wp-json\/wp\/v2\/media?parent=513"}],"wp:term":[{"taxonomy":"category","embeddable":true,"href":"https:\/\/www.chiesadigenova.it\/ecumenismo\/wp-json\/wp\/v2\/categories?post=513"},{"taxonomy":"post_tag","embeddable":true,"href":"https:\/\/www.chiesadigenova.it\/ecumenismo\/wp-json\/wp\/v2\/tags?post=513"}],"curies":[{"name":"wp","href":"https:\/\/api.w.org\/{rel}","templated":true}]}}