{"id":500,"date":"2023-12-06T11:45:24","date_gmt":"2023-12-06T10:45:24","guid":{"rendered":"https:\/\/www.chiesadigenova.it\/ecumenismo\/?p=500"},"modified":"2024-01-04T16:50:22","modified_gmt":"2024-01-04T15:50:22","slug":"lunedi-4-dicembre-2023-a-palazzo-ducale-svolto-il-convegno-riconoscere-dio-organizzato-da-coreis","status":"publish","type":"post","link":"https:\/\/www.chiesadigenova.it\/ecumenismo\/lunedi-4-dicembre-2023-a-palazzo-ducale-svolto-il-convegno-riconoscere-dio-organizzato-da-coreis\/","title":{"rendered":"Luned\u00ec 4 dicembre 2023 a Palazzo Ducale svolto il Convegno &#8220;Riconoscere Dio&#8221; organizzato da COREIS"},"content":{"rendered":"<p>Nel tardo pomeriggio di luned\u00ec 4 dicembre si \u00e8 svolto nella Sala del Munizioniere di Palazzo Ducale il convegno organizzato dalla Comunit\u00e0 Religiosa Islamica Italiana (COREIS) dal titolo:\u00a0<i><b>&#8220;Riconoscere Dio. Conversazione interreligiosa sulla natura, il carattere, l&#8217;anima e il cuore dei credenti secondo l&#8217;insegnamento dei maestri spirituali&#8221;<\/b><\/i>.<\/p>\n<p>Sono intervenuti il\u00a0<b>Rav Giuseppe Momigliano<\/b>, Rabbino Capo di Genova;\u00a0<b>Mons. Gian Franco Saba,<\/b>\u00a0Arcivescovo Metropolita di Sassari e membro della Commissione Episcopale Ecumenismo e Dialogo della CEI e\u00a0<b>Abu Bakr Moretta,<\/b>\u00a0Presidente della COREIS.<\/p>\n<p>I tre interventi hanno richiamato alcuni passi dei testi sacri e insegnamenti di importanti autori spirituali per aiutare a comprendere che nel retto utilizzo di alcune facolt\u00e0 umane quali il libero arbitrio e l&#8217;intelletto come nell&#8217;unicit\u00e0 di ogni persona e nella sua attitudine a donarsi gratuitamente si pu\u00f2 riconoscere l&#8217;immagine di Dio insita nell&#8217;uomo. Tutti questi doni &#8211; con l&#8217;aiuto di Dio e di un maestro spirituale &#8211; sono da riconoscere e utilizzare. Interessante il fatto che, con sfumature diverse, tutti e tre i relatori abbiamo toccato &#8211; chi in modo diretto e chi indiretto &#8211; il tema della santit\u00e0 interpretata come santificazione dell&#8217;uomo e di tutti gli aspetti della sua vita.<\/p>\n<p style=\"text-align: right;\"><strong>don Gabriele Bernagozzi <\/strong><\/p>\n<p style=\"text-align: right;\"><em>Delegato Diocesi di Genova per l\u2019Ecumenismo e Dialogo Interreligioso<\/em><\/p>\n","protected":false},"excerpt":{"rendered":"<p>Nel tardo pomeriggio di luned\u00ec 4 dicembre si \u00e8 svolto nella Sala del Munizioniere di Palazzo Ducale il convegno organizzato dalla Comunit\u00e0 Religiosa Islamica Italiana (COREIS) dal titolo:\u00a0&#8220;Riconoscere Dio. Conversazione interreligiosa sulla natura, il carattere, l&#8217;anima e il cuore dei credenti secondo l&#8217;insegnamento dei maestri spirituali&#8221;. Sono intervenuti il\u00a0Rav Giuseppe Momigliano, Rabbino Capo di Genova;\u00a0Mons. [&hellip;]<\/p>\n","protected":false},"author":3,"featured_media":501,"comment_status":"closed","ping_status":"closed","sticky":false,"template":"","format":"standard","meta":{"_acf_changed":false,"footnotes":""},"categories":[3],"tags":[],"class_list":["post-500","post","type-post","status-publish","format-standard","has-post-thumbnail","hentry","category-notizie"],"acf":[],"_links":{"self":[{"href":"https:\/\/www.chiesadigenova.it\/ecumenismo\/wp-json\/wp\/v2\/posts\/500","targetHints":{"allow":["GET"]}}],"collection":[{"href":"https:\/\/www.chiesadigenova.it\/ecumenismo\/wp-json\/wp\/v2\/posts"}],"about":[{"href":"https:\/\/www.chiesadigenova.it\/ecumenismo\/wp-json\/wp\/v2\/types\/post"}],"author":[{"embeddable":true,"href":"https:\/\/www.chiesadigenova.it\/ecumenismo\/wp-json\/wp\/v2\/users\/3"}],"replies":[{"embeddable":true,"href":"https:\/\/www.chiesadigenova.it\/ecumenismo\/wp-json\/wp\/v2\/comments?post=500"}],"version-history":[{"count":2,"href":"https:\/\/www.chiesadigenova.it\/ecumenismo\/wp-json\/wp\/v2\/posts\/500\/revisions"}],"predecessor-version":[{"id":521,"href":"https:\/\/www.chiesadigenova.it\/ecumenismo\/wp-json\/wp\/v2\/posts\/500\/revisions\/521"}],"wp:featuredmedia":[{"embeddable":true,"href":"https:\/\/www.chiesadigenova.it\/ecumenismo\/wp-json\/wp\/v2\/media\/501"}],"wp:attachment":[{"href":"https:\/\/www.chiesadigenova.it\/ecumenismo\/wp-json\/wp\/v2\/media?parent=500"}],"wp:term":[{"taxonomy":"category","embeddable":true,"href":"https:\/\/www.chiesadigenova.it\/ecumenismo\/wp-json\/wp\/v2\/categories?post=500"},{"taxonomy":"post_tag","embeddable":true,"href":"https:\/\/www.chiesadigenova.it\/ecumenismo\/wp-json\/wp\/v2\/tags?post=500"}],"curies":[{"name":"wp","href":"https:\/\/api.w.org\/{rel}","templated":true}]}}