{"id":6178,"date":"2025-06-28T16:33:13","date_gmt":"2025-06-28T14:33:13","guid":{"rendered":"https:\/\/www.chiesadigenova.it\/catechistico\/?p=6178"},"modified":"2025-10-28T23:10:07","modified_gmt":"2025-10-28T22:10:07","slug":"incontri-di-inizio-anno-pastorale-tutto-il-programma","status":"publish","type":"post","link":"https:\/\/www.chiesadigenova.it\/catechistico\/incontri-di-inizio-anno-pastorale-tutto-il-programma\/","title":{"rendered":"INCONTRI DI INIZIO ANNO PASTORALE &#8211; TUTTO IL PROGRAMMA"},"content":{"rendered":"<p>Da molti anni siamo abituati ad avere una serie di incontri di formazione per catechisti ad inizio anno pastorale, cos\u00ec abbiamo continuato negli ultimi anni anche se con qualche modifica:<\/p>\n<ul>\n<li>Gli incontri <strong>non sono rivolti solo ai catechisti<\/strong> dei gruppi dei ragazzi ma ad ogni persona, soprattutto a chi si sente chiamato al grande compito dell&#8217;evangelizzazione: catechisti degli adulti, catechisti dei ragazzi, educatori, genitori, insegnanti di religione.<\/li>\n<li>Gli incontri non trattano di &#8220;nuove metodologie&#8221; per la catechesi, ma propongono <strong>prospettive diverse per l&#8217;evangelizzazione:<\/strong> biblica, liturgica, pastorale ecc.<\/li>\n<li>Ogni anno si vuole proporre <strong>uno strumento di evangelizzazione per adulti:<\/strong> abbiamo proposto Alpha, poi gli incontri della S.E.S.A. e adesso la famosa serie &#8220;The Chosen&#8221;.<\/li>\n<li>Ogni incontro vuole aiutarci ad <strong>avviare qualcosa di nuovo e concreto nelle nostre parrocchie<\/strong> e non solo lasciarci con una bella conferenza che, pur piacendoci, non ci aiuta a migliorare il nostro annuncio.<\/li>\n<\/ul>\n<p>Papa Leone ha invitato i\u00a0 Vescovi italiani a continuare in un cammino di rinnovamento:<\/p>\n<p><em>Innanzitutto, \u00e8 necessario uno slancio rinnovato nell\u2019annuncio e nella trasmissione della fede. Si tratta di porre Ges\u00f9 Cristo al centro e, sulla strada indicata da\u00a0Evangelii gaudium, aiutare le persone a vivere una relazione personale con Lui, per scoprire la gioia del Vangelo. In un tempo di grande frammentariet\u00e0 \u00e8 necessario <strong>tornare alle fondamenta della nostra fede, al\u00a0kerygma.<\/strong> Questo \u00e8 il primo grande impegno che motiva tutti gli altri: portare Cristo \u201cnelle vene\u201d dell\u2019umanit\u00e0 (cfr Cost. ap.\u00a0Humanae salutis, 3), rinnovando e condividendo la missione apostolica: \u00abCi\u00f2 che abbiamo veduto e udito, noi lo annunciamo anche a voi\u00bb (1Gv 1,3). E si tratta di <strong>discernere i modi in cui far giungere a tutti la Buona Notizia, con azioni pastorali capaci di intercettare chi \u00e8 pi\u00f9 lontano e con strumenti idonei al rinnovamento della catechesi e dei linguaggi dell\u2019annuncio.\u00a0<\/strong><\/em><\/p>\n<p>&nbsp;<\/p>\n<p><strong>20 SETTEMBRE: ASSEMBLEA DIOCESANA DEI CATECHISTI IN CATTEDRALE, ore 10.00<\/strong><\/p>\n<p>Come ormai avviene da alcuni anni, apriremo gli incontri con l&#8217;Assemblea diocesana dei catechisti con l&#8217;Arcivescovo. Si tratta di una grande convocazione in cui dalle parole e dalla benedizione del nostro Vescovo riceviamo il mandato per evangelizzare. Quest&#8217;anno, essendo la chiesa cattedrale luogo giubilare, vivremo tutto come il nostro pellegrinaggio diocesano in occasione del Giubileo. Sar\u00e0 l&#8217;occasione per ripensare al cuore del nostro ministero e cio\u00e8 la nostra personale conversione, il nostro incontro con Ges\u00f9.<\/p>\n<p>Presenteremo anche, in quell&#8217;occasione, le proposte dell&#8217;Ufficio Catechistico.<\/p>\n<p><strong>4 OTTOBRE: &#8220;THE CHOSEN&#8221;, UNO STRUMENTO DI EVANGELIZZAZIONE (QUADRIVIUM, ore 10.00)<\/strong><\/p>\n<p>Per chi ancora non la conoscesse proporremo alla diocesi la serie &#8220;The Chosen&#8221;: una serie Tv ( <a href=\"https:\/\/thechosen.it\/\">https:\/\/thechosen.it\/) <\/a>sui discepoli di Ges\u00f9, una serie diventata famosa in tutto il mondo, con un grande successo. Ci faremo aiutare dal biblista don Gabriele Corini a leggere le sfumature di questo racconto soprattutto guardando alla figura di Ges\u00f9 .<\/p>\n<p>Per approfondire:\u00a0<a href=\"https:\/\/www.vaticannews.va\/it\/mondo\/news\/2024-03\/the-chosen-la-vita-di-gesu-nella-serie-dei-record.html\">https:\/\/www.vaticannews.va\/it\/mondo\/news\/2024-03\/the-chosen-la-vita-di-gesu-nella-serie-dei-record.html<\/a><\/p>\n<p>(<a href=\"https:\/\/www.youtube.com\/shorts\/2r1NLTXJ6wQ\">https:\/\/www.youtube.com\/shorts\/2r1NLTXJ6wQ)<\/a><\/p>\n<p><strong>11 OTTOBRE: INSIEME ALL&#8217;ISSRL UN INCONTRO SULLA FORMAZIONE LITURGICA &#8211; IN MEMORIA DELL&#8217;ABATE MARIO RIGHETTI (QUADRIVIUM ore 10.00)<\/strong><\/p>\n<p>In occasione del 50\u00b0 dalla morte di un prete genovese conosciuto in tutto il mondo per i suoi studi liturgici, diamo avvio ad una serie di incontri che proporremo ogni anno sulla formazione liturgica di chi evangelizza. Si tratta di ricordare l&#8217;abate Mario Righetti (<a href=\"https:\/\/it.wikipedia.org\/wiki\/Mario_Righetti\">https:\/\/it.wikipedia.org\/wiki\/Mario_Righetti<\/a>) che, Parroco di N.S. del Rimedio e insegnante di liturgia, partecip\u00f2 al Concilio Vaticano II e scrisse la &#8220;Storia Liturgica&#8221;, un&#8217;opera in 4 volumi, ancora presente nelle librerie cattoliche e conosciuta in tutto il mondo.<\/p>\n<p>Avremo con noi don Loris Della Pietra, che ci parler\u00e0 della formazione liturgica che non riguarda spiegazioni da inserire nella celebrazione: invece &#8211; ed \u00e8 la novit\u00e0 del Concilio &#8211; \u00e8 la celebrazione che, vissuta bene, forma l&#8217;assemblea e ci trascina all&#8217;incontro con Ges\u00f9. Don Della Pietra \u00e8 preside dell&#8217;Istituto di Liturgia Pastorale di Padova, autore di molti libri, docente che \u00e8 intervenuto in importanti incontri sul tema liturgico (ad esempio a Chiavari per la Settimana liturgica: <a href=\"https:\/\/www.youtube.com\/watch?v=lmkobLRD8jI\" data-rel=\"lightbox-video-0\">https:\/\/www.youtube.com\/watch?v=lmkobLRD8jI).<\/a><\/p>\n<p>Si tratta di un incontro pensato in collaborazione con l&#8217;Istituto di Scienze Religiose (ISSRL) <a href=\"https:\/\/www.issrliguria.it\/\">(https:\/\/www.issrliguria.it\/<\/a>), tuttavia non \u00e8 rivolto solo agli studenti ma a tutti, essendo questo argomento davvero importante per il cammino della nostra Chiesa.<\/p>\n<p><strong>18 OTTOBRE : COME LEGGERE LA BIBBIA &#8211; PRESENTAZIONE DI UN TESTO UTILE PER LA CATECHESI &#8211; ore 10.00, SEDE DA DEFINIRE<\/strong><\/p>\n<p>L&#8217;ufficio catechistico ha preparato un testo del Vangelo secondo luca (<a tabindex=\"-1\" href=\"https:\/\/www.chiesadigenova.it\/catechistico\/vangelo-secondo-luca-per-la-catechesi-la-meditazione-personale-linsegnamento-della-religione\/\" target=\"_blank\" rel=\"noopener\">chiesadigenova.it\/\u2026\/vangelo-secondo-luca-per-la-catechesi-la-meditazione-personale-linsegnamento-della-religione) <\/a>che sar\u00e0 presentato in quest&#8217;occasione. Avremo una relazione di don Claudio Doglio su &#8220;Come leggere la Bibbia&#8221;. \u00c8 importante riflettere su questo tema perch\u00e9 \u00e8 necessario tornare alla Parola di Dio nella catechesi e perch\u00e9 dobbiamo fare un cammino per poter trarre dal testo biblico la Parola del Dio Vivente.<\/p>\n<p>&nbsp;<\/p>\n<p>Gli incontri di inizio anno ovviamente sono occasioni per ripartire insieme ed accendere la passione evangelizzatrice. Ora, con i &#8220;5 SABATI DIOCESANI&#8221; la formazione di catechisti ed evangelizzatori si distribuisce lungo tutto l&#8217;anno. In quelle occasioni avremo tra noi altri nomi importanti di persone che potranno annunciarci il vangelo da diverse prospettive.<\/p>\n<p>&nbsp;<\/p>\n","protected":false},"excerpt":{"rendered":"<p>Da molti anni siamo abituati ad avere una serie di incontri di formazione per catechisti ad inizio anno pastorale, cos\u00ec abbiamo continuato negli ultimi anni anche se con qualche modifica: Gli incontri non sono rivolti solo ai catechisti dei gruppi dei ragazzi ma ad ogni persona, soprattutto a chi si sente chiamato al grande compito dell&#8217;evangelizzazione: catechisti degli adulti, catechisti dei ragazzi, educatori, genitori, insegnanti &hellip; <a href=\"https:\/\/www.chiesadigenova.it\/catechistico\/incontri-di-inizio-anno-pastorale-tutto-il-programma\/\" class=\"more-link\">Continue reading <span class=\"screen-reader-text\">INCONTRI DI INIZIO ANNO PASTORALE &#8211; TUTTO IL PROGRAMMA<\/span> <span class=\"meta-nav\">&raquo;<\/span><\/a><\/p>\n","protected":false},"author":7,"featured_media":6254,"comment_status":"closed","ping_status":"closed","sticky":false,"template":"","format":"standard","meta":{"_acf_changed":false,"footnotes":""},"categories":[60,1],"tags":[],"class_list":["post-6178","post","type-post","status-publish","format-standard","has-post-thumbnail","hentry","category-formazione-catechisti","category-senza-categoria"],"acf":[],"_links":{"self":[{"href":"https:\/\/www.chiesadigenova.it\/catechistico\/wp-json\/wp\/v2\/posts\/6178","targetHints":{"allow":["GET"]}}],"collection":[{"href":"https:\/\/www.chiesadigenova.it\/catechistico\/wp-json\/wp\/v2\/posts"}],"about":[{"href":"https:\/\/www.chiesadigenova.it\/catechistico\/wp-json\/wp\/v2\/types\/post"}],"author":[{"embeddable":true,"href":"https:\/\/www.chiesadigenova.it\/catechistico\/wp-json\/wp\/v2\/users\/7"}],"replies":[{"embeddable":true,"href":"https:\/\/www.chiesadigenova.it\/catechistico\/wp-json\/wp\/v2\/comments?post=6178"}],"version-history":[{"count":12,"href":"https:\/\/www.chiesadigenova.it\/catechistico\/wp-json\/wp\/v2\/posts\/6178\/revisions"}],"predecessor-version":[{"id":6327,"href":"https:\/\/www.chiesadigenova.it\/catechistico\/wp-json\/wp\/v2\/posts\/6178\/revisions\/6327"}],"wp:featuredmedia":[{"embeddable":true,"href":"https:\/\/www.chiesadigenova.it\/catechistico\/wp-json\/wp\/v2\/media\/6254"}],"wp:attachment":[{"href":"https:\/\/www.chiesadigenova.it\/catechistico\/wp-json\/wp\/v2\/media?parent=6178"}],"wp:term":[{"taxonomy":"category","embeddable":true,"href":"https:\/\/www.chiesadigenova.it\/catechistico\/wp-json\/wp\/v2\/categories?post=6178"},{"taxonomy":"post_tag","embeddable":true,"href":"https:\/\/www.chiesadigenova.it\/catechistico\/wp-json\/wp\/v2\/tags?post=6178"}],"curies":[{"name":"wp","href":"https:\/\/api.w.org\/{rel}","templated":true}]}}