{"id":6162,"date":"2025-06-17T16:40:46","date_gmt":"2025-06-17T14:40:46","guid":{"rendered":"https:\/\/www.chiesadigenova.it\/catechistico\/?p=6162"},"modified":"2025-10-25T10:51:26","modified_gmt":"2025-10-25T08:51:26","slug":"vangelo-secondo-luca-per-la-catechesi-la-meditazione-personale-linsegnamento-della-religione","status":"publish","type":"post","link":"https:\/\/www.chiesadigenova.it\/catechistico\/vangelo-secondo-luca-per-la-catechesi-la-meditazione-personale-linsegnamento-della-religione\/","title":{"rendered":"Vangelo secondo Luca per la catechesi, la meditazione personale, l\u2019insegnamento della religione"},"content":{"rendered":"<p><em>\u00c8 in libreria un volume del Vangelo secondo Luca per la catechesi, la meditazione personale, l\u2019insegnamento della religione.<br \/>\n<\/em><em>Riportiamo\u00a0 il testo integrale della prefazione di Don Matteo Firpo:<\/em><\/p>\n<p>In un cammino di ripensamento e di rinnovamento dell\u2019iniziazione cristiana da pi\u00f9 parti si richiama la necessit\u00e0 di ritornare a quelle esperienze di fede che possano avviare dei processi, innescare un cambiamento, provocare una conversione.<br \/>\nTra queste, in primo luogo, sta <strong>l\u2019ascolto della Parola di Dio attraverso la lettura e la meditazione della Sacra Scrittura<\/strong>.\u00a0 Per questo motivo molti testi utilizzati per la catechesi di ragazzi e adulti si dimostrano strumenti non cos\u00ec indispensabili come lo erano una volta. \u00c8 da una esperienza di lectio divina, di contemplazione, di carit\u00e0, di celebrazione che si matura e ci si apre a ricevere il dono della fede, collaborando attivamente con la grazia di Dio.<br \/>\nIl vero e unico testo da mettere tra le mani di chiunque si accinga ad intraprendere un percorso di fede o di chi voglia riaccenderlo \u00e8 la Sacra Scrittura e in modo speciale lo sono i quattro Vangeli. Per questo motivo l\u2019Ufficio catechistico dell\u2019Arcidiocesi di Genova si \u00e8 reso conto che in circolazione non esistevano libri del vangelo dello stesso formato di un testo per la catechesi; si \u00e8 pensato cos\u00ec ad un libro che veramente potesse essere utilizzato per avvicinare la Scrittura anche come oggetto di studio e approfondimento: pagine su cui poter scrivere, sottolineare, segnare piccoli appunti; pagine che non si presentino senza alcuna figura o con pochissime note ma che, scorrendole, si possa essere attratti da colori e immagini che aiutino a penetrare nel messaggio racchiuso nel testo.<br \/>\nPer questo motivo <strong>proponiamo il vangelo secondo Luca in questa edizione che trova la sua novit\u00e0 nel formato e nella sua presentazione<\/strong>. Poche edizioni del vangelo in commercio sembrano fatte per\u00a0 avvicinare il lettore alla lettura e all\u2019approfondimento; o sono troppo piccole senza colori e immagini o troppo curate e destinate ad uno scaffale di libreria. Questo vuole dunque essere quel vangelo che ciascuno di noi potr\u00e0 fare proprio: non \u00e8 infatti un libro solo per bambini ma anche per ragazzi e adulti, per chi lo riceve\u00a0 da piccolo e se lo porta con s\u00e9 fino all\u2019et\u00e0 adulta e per chi lo prende tra le mani per la prima volta da adulto. <strong>\u00c8 un testo con commenti molto curati, affidati a don Claudio Doglio, biblista conosciuto e apprezzato in tutta Italia, autore di numerose pubblicazioni e docente di Sacra Scrittura da molti anni.<\/strong><\/p>\n<p>Ci auguriamo che questo testo sia accolto non come uno tra i tanti \u201cvangelini\u201d da tenere ma come il libro principale per la catechesi, come l\u2019inizio di un approccio nuovo al grande tesoro della Scrittura, con l\u2019obiettivo di non avere pi\u00f9 cristiani che non abbiano la lettura e la meditazione del testo biblico come loro primo modo di entrare in un colloquio con Dio.<\/p>\n<p style=\"text-align: right;\"><strong>don Matteo Firpo<\/strong><br \/>\n<em>Coordinatore Ufficio Catechistico<\/em><br \/>\n<em>Arcidiocesi di Genova<\/em><\/p>\n<p>&nbsp;<\/p>\n<p><strong><em>Per maggiori informazioni \u00e8 possibile contattare l&#8217;Ufficio Catechistico<\/em><\/strong><\/p>\n<p>&nbsp;<\/p>\n<p>&nbsp;<\/p>\n","protected":false},"excerpt":{"rendered":"<p>\u00c8 in libreria un volume del Vangelo secondo Luca per la catechesi, la meditazione personale, l\u2019insegnamento della religione. Riportiamo\u00a0 il testo integrale della prefazione di Don Matteo Firpo: In un cammino di ripensamento e di rinnovamento dell\u2019iniziazione cristiana da pi\u00f9 parti si richiama la necessit\u00e0 di ritornare a quelle esperienze di fede che possano avviare dei processi, innescare un cambiamento, provocare una conversione. Tra queste, &hellip; <a href=\"https:\/\/www.chiesadigenova.it\/catechistico\/vangelo-secondo-luca-per-la-catechesi-la-meditazione-personale-linsegnamento-della-religione\/\" class=\"more-link\">Continue reading <span class=\"screen-reader-text\">Vangelo secondo Luca per la catechesi, la meditazione personale, l\u2019insegnamento della religione<\/span> <span class=\"meta-nav\">&raquo;<\/span><\/a><\/p>\n","protected":false},"author":3,"featured_media":6372,"comment_status":"closed","ping_status":"closed","sticky":false,"template":"","format":"standard","meta":{"_acf_changed":false,"footnotes":""},"categories":[60],"tags":[],"class_list":["post-6162","post","type-post","status-publish","format-standard","has-post-thumbnail","hentry","category-formazione-catechisti"],"acf":[],"_links":{"self":[{"href":"https:\/\/www.chiesadigenova.it\/catechistico\/wp-json\/wp\/v2\/posts\/6162","targetHints":{"allow":["GET"]}}],"collection":[{"href":"https:\/\/www.chiesadigenova.it\/catechistico\/wp-json\/wp\/v2\/posts"}],"about":[{"href":"https:\/\/www.chiesadigenova.it\/catechistico\/wp-json\/wp\/v2\/types\/post"}],"author":[{"embeddable":true,"href":"https:\/\/www.chiesadigenova.it\/catechistico\/wp-json\/wp\/v2\/users\/3"}],"replies":[{"embeddable":true,"href":"https:\/\/www.chiesadigenova.it\/catechistico\/wp-json\/wp\/v2\/comments?post=6162"}],"version-history":[{"count":6,"href":"https:\/\/www.chiesadigenova.it\/catechistico\/wp-json\/wp\/v2\/posts\/6162\/revisions"}],"predecessor-version":[{"id":6427,"href":"https:\/\/www.chiesadigenova.it\/catechistico\/wp-json\/wp\/v2\/posts\/6162\/revisions\/6427"}],"wp:featuredmedia":[{"embeddable":true,"href":"https:\/\/www.chiesadigenova.it\/catechistico\/wp-json\/wp\/v2\/media\/6372"}],"wp:attachment":[{"href":"https:\/\/www.chiesadigenova.it\/catechistico\/wp-json\/wp\/v2\/media?parent=6162"}],"wp:term":[{"taxonomy":"category","embeddable":true,"href":"https:\/\/www.chiesadigenova.it\/catechistico\/wp-json\/wp\/v2\/categories?post=6162"},{"taxonomy":"post_tag","embeddable":true,"href":"https:\/\/www.chiesadigenova.it\/catechistico\/wp-json\/wp\/v2\/tags?post=6162"}],"curies":[{"name":"wp","href":"https:\/\/api.w.org\/{rel}","templated":true}]}}