{"id":5853,"date":"2025-05-29T15:14:54","date_gmt":"2025-05-29T13:14:54","guid":{"rendered":"https:\/\/www.chiesadigenova.it\/catechistico\/?p=5853"},"modified":"2025-05-29T15:14:54","modified_gmt":"2025-05-29T13:14:54","slug":"800-berretti-rossia-roma-per-il-pellegrinaggio-dei-ragazzi-della-cresima-padre-tasca-esperienza-che-resta-nel-cuore","status":"publish","type":"post","link":"https:\/\/www.chiesadigenova.it\/catechistico\/800-berretti-rossia-roma-per-il-pellegrinaggio-dei-ragazzi-della-cresima-padre-tasca-esperienza-che-resta-nel-cuore\/","title":{"rendered":"800 &#8220;berretti rossi&#8221;a Roma per il pellegrinaggio dei ragazzi della Cresima. Padre Tasca: \u00abEsperienza che resta nel cuore\u00bb"},"content":{"rendered":"<p>Anche quest&#8217;anno si \u00e8 rinnovato il tradizionale pellegrinaggio diocesano dei Cresimati e Cresimandi a Roma. Una tre giorni intensa, che si \u00e8 svolta da venerd\u00ec 23 a domenica 25 maggio, organizzata dall\u2019Ufficio Catechistico Diocesano, guidato da Don Matteo Firpo.<br \/>\nHanno aderito oltre 50 parrocchie, con quasi 800 partecipanti, a formare una carovana di 14 pullman che ha festosamente invaso le vie della capitale.<\/p>\n<p>Nel pomeriggio di venerd\u00ec la prima tappa al Santuario del Divino Amore dove hanno potuto ascoltare la testimonianza di due giovani della comunit\u00e0 di Fraternit\u00e0 e dove, guidati da Don Roberto Fiscer, hanno potuto cantare e anche ballare; sabato mattina il pellegrinaggio \u201cspeciale\u201d per il Giubileo della speranza, il passaggio alla Porta Santa e la visita alla Basilica Vaticana. Nel pomeriggio \u2018caccia al tesoro\u2019 alla scoperta delle opere e delle principali chiese di Roma.<br \/>\nDomenica, l\u2019attesissimo Regina Coeli con Papa Leone XIV in Piazza San Pietro. \u00c9 quasi mezzogiorno: un boato ed ecco la sagoma del Santo Padre. &#8220;Saluto con affetto i ragazzi della Cresima dell\u2019Arcidiocesi di Genova&#8221;. A queste parole pronunciate dal Papa si \u00e8 scatenata tutta la gioia dei ragazzi che sventolando i berretti rossi che li contraddistinguono hanno voluto rivolgere un amorevole saluto a Leone XIV.<\/p>\n<p>La fatica dei ritmi serrati \u00e8 parsa scomparire dietro i volti sorridenti ed appagati. Quasi sorpresi dall&#8217;onda dell&#8217;emozione di trovarsi ai piedi del &#8220;Pietro di oggi&#8221;.<br \/>\n\u201cIl nostro cappellino porta il motto \u2018Uniti dallo stesso s\u00ec\u2019 \u2013 ha detto l\u2019Arcivescovo che ha accompagnato i ragazzi per tutto il pellegrinaggio insieme a 25 sacerdoti e a oltre 100 catechisti &#8211; con questo pellegrinaggio giubilare ripetiamo il nostro s\u00ec al Signore e questo ci unir\u00e0 ancora di pi\u00f9, come comunit\u00e0, come credenti e come Chiesa.<br \/>\n\u201cUn\u2019occasione &#8211; ha aggiunto Padre Marco &#8211; che lascia sempre il segno nel cuore dei ragazzi, chiamati con la Confermazione a essere testimoni della \u2018bella storia del Vangelo\u2019 e a continuare a costruirla attraverso le loro azioni e scelte\u201d.<\/p>\n<p>&nbsp;<\/p>\n","protected":false},"excerpt":{"rendered":"<p>Anche quest&#8217;anno si \u00e8 rinnovato il tradizionale pellegrinaggio diocesano dei Cresimati e Cresimandi a Roma. Una tre giorni intensa, che si \u00e8 svolta da venerd\u00ec 23 a domenica 25 maggio, organizzata dall\u2019Ufficio Catechistico Diocesano, guidato da Don Matteo Firpo. Hanno aderito oltre 50 parrocchie, con quasi 800 partecipanti, a formare una carovana di 14 pullman che ha festosamente invaso le vie della capitale. Nel pomeriggio &hellip; <a href=\"https:\/\/www.chiesadigenova.it\/catechistico\/800-berretti-rossia-roma-per-il-pellegrinaggio-dei-ragazzi-della-cresima-padre-tasca-esperienza-che-resta-nel-cuore\/\" class=\"more-link\">Continue reading <span class=\"screen-reader-text\">800 &#8220;berretti rossi&#8221;a Roma per il pellegrinaggio dei ragazzi della Cresima. Padre Tasca: \u00abEsperienza che resta nel cuore\u00bb<\/span> <span class=\"meta-nav\">&raquo;<\/span><\/a><\/p>\n","protected":false},"author":3,"featured_media":5854,"comment_status":"closed","ping_status":"closed","sticky":false,"template":"","format":"standard","meta":{"_acf_changed":false,"footnotes":""},"categories":[36],"tags":[],"class_list":["post-5853","post","type-post","status-publish","format-standard","has-post-thumbnail","hentry","category-ragazzi-della-cresima"],"acf":[],"_links":{"self":[{"href":"https:\/\/www.chiesadigenova.it\/catechistico\/wp-json\/wp\/v2\/posts\/5853","targetHints":{"allow":["GET"]}}],"collection":[{"href":"https:\/\/www.chiesadigenova.it\/catechistico\/wp-json\/wp\/v2\/posts"}],"about":[{"href":"https:\/\/www.chiesadigenova.it\/catechistico\/wp-json\/wp\/v2\/types\/post"}],"author":[{"embeddable":true,"href":"https:\/\/www.chiesadigenova.it\/catechistico\/wp-json\/wp\/v2\/users\/3"}],"replies":[{"embeddable":true,"href":"https:\/\/www.chiesadigenova.it\/catechistico\/wp-json\/wp\/v2\/comments?post=5853"}],"version-history":[{"count":1,"href":"https:\/\/www.chiesadigenova.it\/catechistico\/wp-json\/wp\/v2\/posts\/5853\/revisions"}],"predecessor-version":[{"id":5855,"href":"https:\/\/www.chiesadigenova.it\/catechistico\/wp-json\/wp\/v2\/posts\/5853\/revisions\/5855"}],"wp:featuredmedia":[{"embeddable":true,"href":"https:\/\/www.chiesadigenova.it\/catechistico\/wp-json\/wp\/v2\/media\/5854"}],"wp:attachment":[{"href":"https:\/\/www.chiesadigenova.it\/catechistico\/wp-json\/wp\/v2\/media?parent=5853"}],"wp:term":[{"taxonomy":"category","embeddable":true,"href":"https:\/\/www.chiesadigenova.it\/catechistico\/wp-json\/wp\/v2\/categories?post=5853"},{"taxonomy":"post_tag","embeddable":true,"href":"https:\/\/www.chiesadigenova.it\/catechistico\/wp-json\/wp\/v2\/tags?post=5853"}],"curies":[{"name":"wp","href":"https:\/\/api.w.org\/{rel}","templated":true}]}}