{"id":5347,"date":"2024-09-18T23:26:50","date_gmt":"2024-09-18T21:26:50","guid":{"rendered":"https:\/\/www.chiesadigenova.it\/catechistico\/?p=5347"},"modified":"2025-10-28T23:11:59","modified_gmt":"2025-10-28T22:11:59","slug":"istituto-di-scienze-religiose","status":"publish","type":"post","link":"https:\/\/www.chiesadigenova.it\/catechistico\/istituto-di-scienze-religiose\/","title":{"rendered":"ISTITUTO di SCIENZE RELIGIOSE"},"content":{"rendered":"<p>L\u2019<strong>Istituto Superiore di Scienze Religiose Ligure<\/strong>\u00a0(ISSRL), promosso dalle Diocesi di Genova, Albenga-Imperia e La Spezia-Brugnato, \u00e8 un\u2019istituzione accademica ecclesiastica, canonicamente eretta dalla Congregazione per l\u2019Educazione Cattolica con Decreto del 20 maggio 2019 (Prot. 350\/201).<\/p>\n<p>Collegato alla\u00a0<strong>Facolt\u00e0 Teologica dell\u2019Italia Settentrionale<\/strong>, l\u2019ISSRL \u00e8 insediato nel territorio della Liguria con sede centrale in Genova e poli didattici FAD alla Spezia ed Albenga, nelle sedi ISSR gi\u00e0 preesistenti. Grazie alla tecnologia della\u00a0<strong>Formazione Sincrona a Distanza<\/strong>\u00a0(FAD), alcuni corsi sono trasmessi da un polo e condivisi contemporaneamente sugli altri due poli di formazione dove \u00e8 presente un\u00a0<em>tutor didattico\u00a0<\/em>per agevolare la partecipazione degli studenti.<\/p>\n<p>Le lezioni si svolgeranno\u00a0<strong>marted\u00ec, mercoled\u00ec, gioved\u00ec,<\/strong>\u00a0dalle ore\u00a0<strong>14.40<\/strong>\u00a0alle ore\u00a0<strong>19.30<\/strong>.<\/p>\n<p>Per\u00a0<a href=\"http:\/\/www.issrliguria.it\/iscriversi\/\">Iscriversi<\/a>\u00a0o per informazioni ci si pu\u00f2 rivolgere alla\u00a0<a href=\"http:\/\/www.issrliguria.it\/segreteria\/\">Segreteria<\/a>\u00a0pi\u00f9 vicina. I titoli possono essere conseguiti indifferentemente nella sede centrale o sui poli formativi, a seconda di dove venga pi\u00f9 comodo frequentare le lezioni; soltanto per poche attivit\u00e0 specifiche (alcuni esami di profitto, esami finali) sar\u00e0 necessario recarsi nella sede centrale.<\/p>\n<p>L\u2019ISSRL, nelle sue strutture, offre una proposta formativa ampia e qualificata destinata non solo all\u2019insegnamento della Religione cattolica nelle scuole di ogni ordine e grado, ma anche a tutti coloro che \u2013 laici e religiosi \u2013 volessero arricchire la propria cultura in ambito religioso.<\/p>\n<p>I titoli offerti dall\u2019ISSRL sono organizzati su due livelli, secondo lo schema \u201c3 anni + 2 anni\u201d caratteristico dell\u2019Universit\u00e0 italiana. Il primo livello \u00e8 la\u00a0<a href=\"http:\/\/www.issrliguria.it\/laurea-in-scienze-religiose\/\">Laurea in Scienze Religiose<\/a>, e offre una preparazione ampia e basilare sulle tematiche filosofiche e religiose; il secondo livello \u00e8 la\u00a0<a href=\"http:\/\/www.issrliguria.it\/laurea-magistrale\/\">Laurea magistrale in Scienze Religiose<\/a>, con materie orientate all\u2019indirizzo di specializzazione (didattico o ministeriale) e all\u2019applicazione delle competenze acquisite nel primo ciclo di formazione: teologia interdisciplinare (arte, musica e teatro), scienza e fede, ecologia, pedagogia, catechetica, lingue e cutura biblica, ecc.<\/p>\n<p>A seguito del \u201cprocesso di Bologna\u201d i titoli di laurea in ambito delle scienze religiose sono riconosciuti dall\u2019ordinamento italiano in base all\u2019accordo fra Santa Sede e Governo italiano del 13 febbraio 2019<\/p>\n<p>VEDI IL SITO DELL&#8217;ISSR<\/p>\n<p><a href=\"https:\/\/www.issrliguria.it\/\">https:\/\/www.issrliguria.it\/<\/a><\/p>\n<p>VIDEO DI PRESENTAZIONE:<\/p>\n<p><a href=\"https:\/\/www.youtube.com\/watch?v=wRcVmSX1b9w\" data-rel=\"lightbox-video-0\">https:\/\/www.youtube.com\/watch?v=wRcVmSX1b9w<\/a><\/p>\n<p>PROPOSTA PER I CATECHISTI:<\/p>\n<p><a href=\"https:\/\/drive.google.com\/file\/d\/1FGAcij5gt1MuQgksQcOjcROzJ3K505Om\/view?usp=sharing\">https:\/\/drive.google.com\/file\/d\/1FGAcij5gt1MuQgksQcOjcROzJ3K505Om\/view?usp=sharing<\/a><\/p>\n","protected":false},"excerpt":{"rendered":"<p>L\u2019Istituto Superiore di Scienze Religiose Ligure\u00a0(ISSRL), promosso dalle Diocesi di Genova, Albenga-Imperia e La Spezia-Brugnato, \u00e8 un\u2019istituzione accademica ecclesiastica, canonicamente eretta dalla Congregazione per l\u2019Educazione Cattolica con Decreto del 20 maggio 2019 (Prot. 350\/201). Collegato alla\u00a0Facolt\u00e0 Teologica dell\u2019Italia Settentrionale, l\u2019ISSRL \u00e8 insediato nel territorio della Liguria con sede centrale in Genova e poli didattici FAD alla Spezia ed Albenga, nelle sedi ISSR gi\u00e0 preesistenti. Grazie &hellip; <a href=\"https:\/\/www.chiesadigenova.it\/catechistico\/istituto-di-scienze-religiose\/\" class=\"more-link\">Continue reading <span class=\"screen-reader-text\">ISTITUTO di SCIENZE RELIGIOSE<\/span> <span class=\"meta-nav\">&raquo;<\/span><\/a><\/p>\n","protected":false},"author":7,"featured_media":5348,"comment_status":"closed","ping_status":"closed","sticky":true,"template":"","format":"standard","meta":{"_acf_changed":false,"footnotes":""},"categories":[47],"tags":[],"class_list":["post-5347","post","type-post","status-publish","format-standard","has-post-thumbnail","hentry","category-archivio"],"acf":[],"_links":{"self":[{"href":"https:\/\/www.chiesadigenova.it\/catechistico\/wp-json\/wp\/v2\/posts\/5347","targetHints":{"allow":["GET"]}}],"collection":[{"href":"https:\/\/www.chiesadigenova.it\/catechistico\/wp-json\/wp\/v2\/posts"}],"about":[{"href":"https:\/\/www.chiesadigenova.it\/catechistico\/wp-json\/wp\/v2\/types\/post"}],"author":[{"embeddable":true,"href":"https:\/\/www.chiesadigenova.it\/catechistico\/wp-json\/wp\/v2\/users\/7"}],"replies":[{"embeddable":true,"href":"https:\/\/www.chiesadigenova.it\/catechistico\/wp-json\/wp\/v2\/comments?post=5347"}],"version-history":[{"count":2,"href":"https:\/\/www.chiesadigenova.it\/catechistico\/wp-json\/wp\/v2\/posts\/5347\/revisions"}],"predecessor-version":[{"id":5350,"href":"https:\/\/www.chiesadigenova.it\/catechistico\/wp-json\/wp\/v2\/posts\/5347\/revisions\/5350"}],"wp:featuredmedia":[{"embeddable":true,"href":"https:\/\/www.chiesadigenova.it\/catechistico\/wp-json\/wp\/v2\/media\/5348"}],"wp:attachment":[{"href":"https:\/\/www.chiesadigenova.it\/catechistico\/wp-json\/wp\/v2\/media?parent=5347"}],"wp:term":[{"taxonomy":"category","embeddable":true,"href":"https:\/\/www.chiesadigenova.it\/catechistico\/wp-json\/wp\/v2\/categories?post=5347"},{"taxonomy":"post_tag","embeddable":true,"href":"https:\/\/www.chiesadigenova.it\/catechistico\/wp-json\/wp\/v2\/tags?post=5347"}],"curies":[{"name":"wp","href":"https:\/\/api.w.org\/{rel}","templated":true}]}}